{"id":23592,"date":"2026-09-04T22:07:17","date_gmt":"2026-09-04T19:07:17","guid":{"rendered":"https:\/\/drtubayilmaz.com\/?p=23592"},"modified":"2026-08-16T22:32:22","modified_gmt":"2026-08-16T19:32:22","slug":"yaz-sonrasi-cilt-bakimi-leke-matlik-ve-cilt-yenileme-yontemleri","status":"publish","type":"post","link":"https:\/\/drtubayilmaz.com\/en\/yaz-sonrasi-cilt-bakimi-leke-matlik-ve-cilt-yenileme-yontemleri\/","title":{"rendered":"Yaz Sonras\u0131 Cilt Bak\u0131m\u0131: Leke, Matl\u0131k ve Cilt Yenileme Y\u00f6ntemleri"},"content":{"rendered":"<h1 class=\"PDq2pG_selectionAnchorContainer\" data-section-id=\"aphh0h\" data-start=\"1259\" data-end=\"1351\">Yaz Sonras\u0131 Cilt Neden Matla\u015f\u0131r ve Lekelenir? Sonbahara Girerken Cilt Yenileme Se\u00e7enekleri<\/h1>\n<p data-start=\"1353\" data-end=\"1760\">Yaz aylar\u0131n\u0131n sonunda aynaya bakt\u0131\u011f\u0131n\u0131zda cildinizin birka\u00e7 ay \u00f6ncesine g\u00f6re daha mat, kuru veya ton a\u00e7\u0131s\u0131ndan daha d\u00fczensiz g\u00f6r\u00fcnd\u00fc\u011f\u00fcn\u00fc fark edebilirsiniz. G\u00fcne\u015f, s\u0131cak hava, deniz ve havuzla ge\u00e7irilen g\u00fcnler cildin g\u00f6r\u00fcn\u00fcm\u00fcn\u00fc etkileyebilir. \u00d6zellikle korunmas\u0131z veya yo\u011fun g\u00fcne\u015f maruziyeti sonras\u0131nda mevcut lekelerin koyula\u015fmas\u0131 ve yeni renk e\u015fitsizliklerinin ortaya \u00e7\u0131kmas\u0131 daha belirgin hale gelebilir.<\/p>\n<p data-start=\"1762\" data-end=\"2071\">Bu nedenle <strong data-start=\"1773\" data-end=\"1800\">yaz sonras\u0131 cilt bak\u0131m\u0131<\/strong>, yaln\u0131zca kaybedilen nemi yerine koymaya \u00e7al\u0131\u015fmak anlam\u0131na gelmez. Ciltteki de\u011fi\u015fikliklerin do\u011fru de\u011ferlendirilmesi, g\u00fcne\u015f hasar\u0131 ile farkl\u0131 leke t\u00fcrlerinin birbirinden ayr\u0131lmas\u0131 ve ihtiya\u00e7 varsa uygun <strong data-start=\"2003\" data-end=\"2036\">cilt yenileme uygulamalar\u0131n\u0131n<\/strong> ki\u015fiye \u00f6zel planlanmas\u0131 \u00f6nemlidir.<\/p>\n<p data-start=\"2073\" data-end=\"2192\">Peki yaz sonras\u0131 cilt neden matla\u015f\u0131r? G\u00fcne\u015f lekeleri nas\u0131l de\u011ferlendirilir? Mezoterapi veya PRP ne zaman d\u00fc\u015f\u00fcn\u00fclebilir?<\/p>\n<h2 data-section-id=\"druz7h\" data-start=\"2194\" data-end=\"2236\">Yaz Sonras\u0131 Cilt Neden Mat G\u00f6r\u00fcnebilir?<\/h2>\n<p><img decoding=\"async\" class=\"alignnone size-medium wp-image-23490\" src=\"https:\/\/drtubayilmaz.com\/wp-content\/uploads\/2026\/07\/yuzunu-tutan-kadin-400x222.jpeg\" alt=\"\" width=\"400\" height=\"222\" srcset=\"https:\/\/drtubayilmaz.com\/wp-content\/uploads\/2026\/07\/yuzunu-tutan-kadin-400x222.jpeg 400w, https:\/\/drtubayilmaz.com\/wp-content\/uploads\/2026\/07\/yuzunu-tutan-kadin-768x427.jpeg 768w, https:\/\/drtubayilmaz.com\/wp-content\/uploads\/2026\/07\/yuzunu-tutan-kadin-18x10.jpeg 18w, https:\/\/drtubayilmaz.com\/wp-content\/uploads\/2026\/07\/yuzunu-tutan-kadin.jpeg 921w\" sizes=\"(max-width: 400px) 100vw, 400px\" \/><\/p>\n<p data-start=\"2238\" data-end=\"2330\">Yaz boyunca cilt bir\u00e7ok \u00e7evresel fakt\u00f6re maruz kal\u0131r. Bunlar\u0131n ba\u015f\u0131nda g\u00fcne\u015f \u0131\u015f\u0131nlar\u0131 gelir.<\/p>\n<p data-start=\"2332\" data-end=\"2621\">Ultraviyole \u0131\u015f\u0131nlar\u0131na uzun s\u00fcreli maruziyet ciltte foto-ya\u015flanma olarak adland\u0131r\u0131lan de\u011fi\u015fikliklere katk\u0131da bulunabilir. Zaman i\u00e7erisinde cilt tonu d\u00fczensizle\u015febilir, ince \u00e7izgiler belirginle\u015febilir ve cildin dokusunda de\u011fi\u015fiklikler ortaya \u00e7\u0131kabilir.<\/p>\n<h3 data-section-id=\"1msna7t\" data-start=\"2623\" data-end=\"2680\">S\u0131cak hava ve ya\u015fam al\u0131\u015fkanl\u0131klar\u0131 da etkili olabilir<\/h3>\n<p data-start=\"2682\" data-end=\"2696\">Yaz d\u00f6neminde;<\/p>\n<ul data-start=\"2698\" data-end=\"2899\">\n<li data-section-id=\"9h6epn\" data-start=\"2698\" data-end=\"2724\">Uzun s\u00fcre g\u00fcne\u015fte kalmak<\/li>\n<li data-section-id=\"v198wl\" data-start=\"2725\" data-end=\"2750\">Yetersiz g\u00fcne\u015f korumas\u0131<\/li>\n<li data-section-id=\"sgldtp\" data-start=\"2751\" data-end=\"2763\">S\u0131cak hava<\/li>\n<li data-section-id=\"1yih4hh\" data-start=\"2764\" data-end=\"2805\">Deniz ve havuzda ge\u00e7irilen uzun s\u00fcreler<\/li>\n<li data-section-id=\"s7eycc\" data-start=\"2806\" data-end=\"2835\">Tatilde de\u011fi\u015fen uyku d\u00fczeni<\/li>\n<li data-section-id=\"yvu4st\" data-start=\"2836\" data-end=\"2860\">Yetersiz s\u0131v\u0131 t\u00fcketimi<\/li>\n<li data-section-id=\"l4rxdt\" data-start=\"2861\" data-end=\"2899\">Cilt bak\u0131m rutinindeki de\u011fi\u015fiklikler<\/li>\n<\/ul>\n<p data-start=\"2901\" data-end=\"2967\">cildin daha kuru, yorgun veya mat g\u00f6r\u00fcnmesine katk\u0131da bulunabilir.<\/p>\n<p data-start=\"2969\" data-end=\"3100\">Bu nedenle sonbahara girerken yap\u0131lacak ilk \u015fey do\u011frudan bir estetik uygulama se\u00e7mek de\u011fil, cildin mevcut ihtiyac\u0131n\u0131 belirlemektir.<\/p>\n<h2 data-section-id=\"6myhx9\" data-start=\"3102\" data-end=\"3164\"><a href=\"https:\/\/drtubayilmaz.com\/en\/yuz-analizi-nedir-kirisiklik-leke-ve-cilt-yasi\/\">G\u00fcne\u015f Lekeleri<\/a> Yaz Sonras\u0131nda Neden Daha Belirginle\u015febilir?<\/h2>\n<p><img decoding=\"async\" class=\"alignnone size-medium wp-image-23386\" src=\"https:\/\/drtubayilmaz.com\/wp-content\/uploads\/2026\/06\/uygulama-400x198.jpeg\" alt=\"\" width=\"400\" height=\"198\" srcset=\"https:\/\/drtubayilmaz.com\/wp-content\/uploads\/2026\/06\/uygulama-400x198.jpeg 400w, https:\/\/drtubayilmaz.com\/wp-content\/uploads\/2026\/06\/uygulama-768x380.jpeg 768w, https:\/\/drtubayilmaz.com\/wp-content\/uploads\/2026\/06\/uygulama-18x9.jpeg 18w, https:\/\/drtubayilmaz.com\/wp-content\/uploads\/2026\/06\/uygulama.jpeg 1024w\" sizes=\"(max-width: 400px) 100vw, 400px\" \/><\/p>\n<p data-start=\"3166\" data-end=\"3248\">G\u00fcne\u015f \u0131\u015f\u0131\u011f\u0131 melanin \u00fcretimini etkileyerek pigmentasyonun artmas\u0131na neden olabilir.<\/p>\n<p data-start=\"3250\" data-end=\"3496\">\u00d6zellikle melazmas\u0131 bulunan ki\u015filerde g\u00fcne\u015f maruziyeti lekelerin daha belirgin hale gelmesinde \u00f6nemli bir etkendir. G\u00f6r\u00fcn\u00fcr \u0131\u015f\u0131k da \u00f6zellikle baz\u0131 cilt tiplerinde melazman\u0131n koyula\u015fmas\u0131na katk\u0131da bulunabilir.<\/p>\n<p data-start=\"3498\" data-end=\"3552\">Ancak y\u00fczde g\u00f6r\u00fclen her kahverengi alan ayn\u0131 de\u011fildir.<\/p>\n<h3 data-section-id=\"5mxk3s\" data-start=\"3554\" data-end=\"3588\">Her leke g\u00fcne\u015f lekesi de\u011fildir<\/h3>\n<p data-start=\"3590\" data-end=\"3636\">Ciltte g\u00f6r\u00fclen renk de\u011fi\u015fikliklerinin alt\u0131nda;<\/p>\n<ul data-start=\"3638\" data-end=\"3771\">\n<li data-section-id=\"umxv6j\" data-start=\"3638\" data-end=\"3647\">Melazma<\/li>\n<li data-section-id=\"a8my91\" data-start=\"3648\" data-end=\"3675\">G\u00fcne\u015fe ba\u011fl\u0131 pigmentasyon<\/li>\n<li data-section-id=\"1tkzfs2\" data-start=\"3676\" data-end=\"3700\">Akne sonras\u0131 lekelenme<\/li>\n<li data-section-id=\"19lflx5\" data-start=\"3701\" data-end=\"3740\">\u0130nflamasyon sonras\u0131 hiperpigmentasyon<\/li>\n<li data-section-id=\"1hhgwtc\" data-start=\"3741\" data-end=\"3771\">Farkl\u0131 dermatolojik durumlar<\/li>\n<\/ul>\n<p data-start=\"3773\" data-end=\"3785\">bulunabilir.<\/p>\n<p data-start=\"3787\" data-end=\"3887\">Bu nedenle <strong data-start=\"3798\" data-end=\"3823\">g\u00fcne\u015f lekesi tedavisi<\/strong> planlanmadan \u00f6nce lekenin t\u00fcr\u00fcn\u00fcn do\u011fru belirlenmesi \u00f6nemlidir.<\/p>\n<h2 data-section-id=\"msi8gr\" data-start=\"3889\" data-end=\"3939\">Yaz Sonras\u0131 <a href=\"https:\/\/drtubayilmaz.com\/en\/otolog-egzozom-uygulamasi-nedir\/\">Cilt Bak\u0131m\u0131n\u0131n<\/a> \u0130lk Ad\u0131m\u0131 Ne Olmal\u0131?<\/h2>\n<p><img decoding=\"async\" class=\"alignnone size-medium wp-image-23312\" src=\"https:\/\/drtubayilmaz.com\/wp-content\/uploads\/2026\/06\/yuz-analiz-oncesi-400x267.jpeg\" alt=\"\" width=\"400\" height=\"267\" srcset=\"https:\/\/drtubayilmaz.com\/wp-content\/uploads\/2026\/06\/yuz-analiz-oncesi-400x267.jpeg 400w, https:\/\/drtubayilmaz.com\/wp-content\/uploads\/2026\/06\/yuz-analiz-oncesi-1199x800.jpeg 1199w, https:\/\/drtubayilmaz.com\/wp-content\/uploads\/2026\/06\/yuz-analiz-oncesi-768x512.jpeg 768w, https:\/\/drtubayilmaz.com\/wp-content\/uploads\/2026\/06\/yuz-analiz-oncesi-1536x1025.jpeg 1536w, https:\/\/drtubayilmaz.com\/wp-content\/uploads\/2026\/06\/yuz-analiz-oncesi-18x12.jpeg 18w, https:\/\/drtubayilmaz.com\/wp-content\/uploads\/2026\/06\/yuz-analiz-oncesi.jpeg 1568w\" sizes=\"(max-width: 400px) 100vw, 400px\" \/><\/p>\n<p data-start=\"3941\" data-end=\"4055\">Sonbahara girerken cilt bak\u0131m\u0131nda en \u00f6nemli noktalardan biri, yaz boyunca olu\u015fan de\u011fi\u015fiklikleri de\u011ferlendirmektir.<\/p>\n<p data-start=\"4057\" data-end=\"4064\">Cildin;<\/p>\n<ul data-start=\"4066\" data-end=\"4178\">\n<li data-section-id=\"1yy4pll\" data-start=\"4066\" data-end=\"4078\">Nem d\u00fczeyi<\/li>\n<li data-section-id=\"tyoikm\" data-start=\"4079\" data-end=\"4098\">Ton farkl\u0131l\u0131klar\u0131<\/li>\n<li data-section-id=\"78mawj\" data-start=\"4099\" data-end=\"4114\">Leke g\u00f6r\u00fcn\u00fcm\u00fc<\/li>\n<li data-section-id=\"1rp21ug\" data-start=\"4115\" data-end=\"4131\">\u0130nce \u00e7izgileri<\/li>\n<li data-section-id=\"1p5nsi5\" data-start=\"4132\" data-end=\"4146\">Elastikiyeti<\/li>\n<li data-section-id=\"1bq7eot\" data-start=\"4147\" data-end=\"4163\">G\u00f6zenek yap\u0131s\u0131<\/li>\n<li data-section-id=\"fogzcu\" data-start=\"4164\" data-end=\"4178\">Genel dokusu<\/li>\n<\/ul>\n<p data-start=\"4180\" data-end=\"4204\">birlikte ele al\u0131nabilir.<\/p>\n<p data-start=\"4206\" data-end=\"4365\">Buradan sonra ihtiya\u00e7 yaln\u0131zca evde kullan\u0131lan bak\u0131m \u00fcr\u00fcnlerinin d\u00fczenlenmesi olabilece\u011fi gibi, uygun ki\u015filerde profesyonel uygulamalar da de\u011ferlendirilebilir.<\/p>\n<h2 data-section-id=\"1og6pwq\" data-start=\"4367\" data-end=\"4409\">G\u00fcne\u015f Koruyucu Sonbaharda B\u0131rak\u0131l\u0131r m\u0131?<\/h2>\n<p data-start=\"4411\" data-end=\"4417\">No.<\/p>\n<p data-start=\"4419\" data-end=\"4480\">Yaz bittikten sonra g\u00fcne\u015f koruyucuyu b\u0131rakmak do\u011fru de\u011fildir.<\/p>\n<p data-start=\"4482\" data-end=\"4870\">G\u00fcne\u015ften korunma yaln\u0131zca plajda veya yaz tatilinde uygulanmas\u0131 gereken bir al\u0131\u015fkanl\u0131k de\u011fildir. AAD, geni\u015f spektrumlu ve en az SPF 30 g\u00fcne\u015f koruyucular\u0131n d\u00fczenli kullan\u0131lmas\u0131n\u0131 \u00f6neriyor. Melazma ve hiperpigmentasyon e\u011filimi bulunan ki\u015filerde g\u00f6r\u00fcn\u00fcr \u0131\u015f\u0131\u011fa kar\u015f\u0131 koruma sa\u011flayabilen demir oksit i\u00e7eren renkli g\u00fcne\u015f koruyucular da de\u011ferlendirilebilir.<\/p>\n<h3 data-section-id=\"1u3rzwn\" data-start=\"4872\" data-end=\"4913\">Sonbaharda da g\u00fcnl\u00fck koruma \u00f6nemlidir<\/h3>\n<p data-start=\"4915\" data-end=\"5053\">G\u00fcne\u015f korumas\u0131 yeni pigmentasyon olu\u015fumunun azalt\u0131lmas\u0131na yard\u0131mc\u0131 olurken mevcut lekelerin koyula\u015fmas\u0131n\u0131 \u00f6nlemek a\u00e7\u0131s\u0131ndan da \u00f6nem ta\u015f\u0131r.<\/p>\n<p data-start=\"5055\" data-end=\"5187\">Bu nedenle yap\u0131lacak profesyonel uygulamalardan ba\u011f\u0131ms\u0131z olarak g\u00fcne\u015ften korunma, cilt bak\u0131m\u0131n\u0131n temel par\u00e7alar\u0131ndan biri olmal\u0131d\u0131r.<\/p>\n<h2 data-section-id=\"llkvwx\" data-start=\"5189\" data-end=\"5239\">Yaz Sonras\u0131 <a href=\"https:\/\/drtubayilmaz.com\/en\/face-mesotherapy\/\">Mesotherapy<\/a> Ne Ama\u00e7la Uygulanabilir?<\/h2>\n<p><img decoding=\"async\" class=\"alignnone size-medium wp-image-18529\" src=\"https:\/\/drtubayilmaz.com\/wp-content\/uploads\/2023\/09\/rejuvenating-facial-treatment-400x267.jpg\" alt=\"Mesotherapy\" width=\"400\" height=\"267\" srcset=\"https:\/\/drtubayilmaz.com\/wp-content\/uploads\/2023\/09\/rejuvenating-facial-treatment-400x267.jpg 400w, https:\/\/drtubayilmaz.com\/wp-content\/uploads\/2023\/09\/rejuvenating-facial-treatment-768x512.jpg 768w, https:\/\/drtubayilmaz.com\/wp-content\/uploads\/2023\/09\/rejuvenating-facial-treatment-18x12.jpg 18w, https:\/\/drtubayilmaz.com\/wp-content\/uploads\/2023\/09\/rejuvenating-facial-treatment.jpg 1000w\" sizes=\"(max-width: 400px) 100vw, 400px\" \/><\/p>\n<p data-start=\"5241\" data-end=\"5383\"><strong data-start=\"5241\" data-end=\"5267\">Yaz sonras\u0131 mezoterapi<\/strong>, cilt kalitesini ve nem dengesini desteklemek amac\u0131yla de\u011ferlendirilebilen medikal estetik se\u00e7eneklerinden biridir.<\/p>\n<p data-start=\"5385\" data-end=\"5481\">Mezoterapi tek bir standart i\u00e7erikten olu\u015fmaz. Kullan\u0131lan \u00fcr\u00fcnler ve i\u00e7erikleri farkl\u0131 olabilir.<\/p>\n<h3 data-section-id=\"1ooz2ps\" data-start=\"5483\" data-end=\"5511\">Mezoterapide ama\u00e7 nedir?<\/h3>\n<p data-start=\"5513\" data-end=\"5557\">Ki\u015finin ihtiyac\u0131na ve kullan\u0131lan \u00fcr\u00fcne g\u00f6re;<\/p>\n<ul data-start=\"5559\" data-end=\"5685\">\n<li data-section-id=\"x20p41\" data-start=\"5559\" data-end=\"5587\">Cilt neminin desteklenmesi<\/li>\n<li data-section-id=\"lardvw\" data-start=\"5588\" data-end=\"5612\">Daha canl\u0131 bir g\u00f6r\u00fcn\u00fcm<\/li>\n<li data-section-id=\"oyasox\" data-start=\"5613\" data-end=\"5643\">Cilt dokusunun desteklenmesi<\/li>\n<li data-section-id=\"1s1dfrn\" data-start=\"5644\" data-end=\"5685\">Elastikiyet g\u00f6r\u00fcn\u00fcm\u00fcn\u00fcn iyile\u015ftirilmesi<\/li>\n<\/ul>\n<p data-start=\"5687\" data-end=\"5702\">hedeflenebilir.<\/p>\n<p data-start=\"5704\" data-end=\"5989\">Son d\u00f6nemde yay\u0131mlanan kontroll\u00fc \u00e7al\u0131\u015fmalarda belirli hyal\u00fcronik asit i\u00e7erikli intradermal uygulamalar\u0131n nem ve elastikiyet \u00fczerinde olumlu etkileri bildirilmi\u015ftir. Ancak bu sonu\u00e7lar\u0131n her mezoterapi \u00fcr\u00fcn\u00fc ve protokol\u00fc i\u00e7in genellenmemesi gerekir.<\/p>\n<p data-start=\"5991\" data-end=\"6074\">Bu nedenle hangi i\u00e7eri\u011fin kullan\u0131laca\u011f\u0131 ki\u015finin cilt yap\u0131s\u0131na g\u00f6re belirlenmelidir.<\/p>\n<h2 data-section-id=\"81sno5\" data-start=\"6076\" data-end=\"6129\">PRP Yaz Sonras\u0131 Cilt Yenilemede Kullan\u0131labilir mi?<\/h2>\n<p data-start=\"6131\" data-end=\"6236\">PRP, ki\u015finin kendi kan\u0131ndan haz\u0131rlanan trombositten zengin plazman\u0131n kullan\u0131ld\u0131\u011f\u0131 uygulamalardan biridir.<\/p>\n<p data-start=\"6238\" data-end=\"6331\">Medikal estetikte cilt dokusunun desteklenmesi ve y\u00fcz gen\u00e7le\u015ftirme amac\u0131yla kullan\u0131lmaktad\u0131r.<\/p>\n<h3 data-section-id=\"1jxl1uk\" data-start=\"6333\" data-end=\"6369\">PRP&#8217;nin cilt \u00fczerindeki etkileri<\/h3>\n<p data-start=\"6371\" data-end=\"6534\">Mevcut \u00e7al\u0131\u015fmalar PRP&#8217;nin baz\u0131 ki\u015filerde cilt dokusu, elastikiyet, ince \u00e7izgiler ve genel cilt g\u00f6r\u00fcn\u00fcm\u00fc \u00fczerinde olumlu etkiler sa\u011flayabilece\u011fini d\u00fc\u015f\u00fcnd\u00fcrmektedir.<\/p>\n<p data-start=\"6536\" data-end=\"6773\">Bununla birlikte 2024 y\u0131l\u0131nda yay\u0131mlanan geni\u015f bir de\u011ferlendirmede PRP \u00fczerine \u00e7ok say\u0131da \u00e7al\u0131\u015fma bulunmas\u0131na ra\u011fmen kan\u0131tlar\u0131n \u00f6nemli b\u00f6l\u00fcm\u00fcn\u00fcn d\u00fc\u015f\u00fck veya \u00e7ok d\u00fc\u015f\u00fck kesinlikte oldu\u011fu belirtilmi\u015ftir.<\/p>\n<p data-start=\"6775\" data-end=\"6936\">Dolay\u0131s\u0131yla PRP&#8217;yi &#8220;cildi kesin gen\u00e7le\u015ftiren&#8221; bir uygulama olarak de\u011fil, uygun ki\u015filerde de\u011ferlendirilebilecek se\u00e7eneklerden biri olarak ele almak daha do\u011frudur.<\/p>\n<h2 data-section-id=\"1sypab0\" data-start=\"6938\" data-end=\"7013\"><a href=\"https:\/\/drtubayilmaz.com\/en\/paris-isiltisi-nctf-nedir\/\">Paris I\u015f\u0131lt\u0131s\u0131<\/a> ve Cilt Gen\u00e7le\u015ftirme Uygulamalar\u0131 De\u011ferlendirilebilir mi?<\/h2>\n<p><img decoding=\"async\" class=\"alignnone size-medium wp-image-23426\" src=\"https:\/\/drtubayilmaz.com\/wp-content\/uploads\/2026\/07\/paris-isiltisi-slide-400x200.png\" alt=\"\" width=\"400\" height=\"200\" srcset=\"https:\/\/drtubayilmaz.com\/wp-content\/uploads\/2026\/07\/paris-isiltisi-slide-400x200.png 400w, https:\/\/drtubayilmaz.com\/wp-content\/uploads\/2026\/07\/paris-isiltisi-slide-1300x650.png 1300w, https:\/\/drtubayilmaz.com\/wp-content\/uploads\/2026\/07\/paris-isiltisi-slide-768x384.png 768w, https:\/\/drtubayilmaz.com\/wp-content\/uploads\/2026\/07\/paris-isiltisi-slide-1536x768.png 1536w, https:\/\/drtubayilmaz.com\/wp-content\/uploads\/2026\/07\/paris-isiltisi-slide-18x9.png 18w, https:\/\/drtubayilmaz.com\/wp-content\/uploads\/2026\/07\/paris-isiltisi-slide.png 1774w\" sizes=\"(max-width: 400px) 100vw, 400px\" \/><\/p>\n<p data-start=\"7015\" data-end=\"7136\">Ciltte \u00f6zellikle nem kayb\u0131, mat g\u00f6r\u00fcn\u00fcm ve ince \u00e7izgiler \u00f6n plandaysa farkl\u0131 mezoterapi protokolleri de\u011ferlendirilebilir.<\/p>\n<p data-start=\"7138\" data-end=\"7373\">Op. Dr. Tuba Nadide Y\u0131lmaz&#8217;\u0131n mevcut blogunda da <strong data-start=\"7187\" data-end=\"7212\">Paris I\u015f\u0131lt\u0131s\u0131 (NCTF)<\/strong> cildin nem dengesini ve daha canl\u0131 g\u00f6r\u00fcn\u00fcm\u00fcn\u00fc desteklemeyi ama\u00e7layan mezoterapi uygulamalar\u0131ndan biri olarak ele al\u0131n\u0131yor.<\/p>\n<p data-start=\"7375\" data-end=\"7486\">Ancak burada \u00f6nemli olan belirli bir uygulaman\u0131n pop\u00fcler olmas\u0131 de\u011fil, ki\u015finin cilt ihtiyac\u0131na uygun olmas\u0131d\u0131r.<\/p>\n<p data-start=\"7488\" data-end=\"7609\">Ayn\u0131 ya\u015f grubundaki iki ki\u015finin bile cilt yap\u0131s\u0131, g\u00fcne\u015f hasar\u0131, pigmentasyon ve nem ihtiyac\u0131 birbirinden farkl\u0131 olabilir.<\/p>\n<h2 data-section-id=\"1cf4fss\" data-start=\"7611\" data-end=\"7660\"><a href=\"https:\/\/drtubayilmaz.com\/en\/genclik-asisi-nedir-cilt-genclestirme-uygulamasi\/\">Gen\u00e7lik A\u015f\u0131s\u0131<\/a> Yaz Sonras\u0131nda Uygulanabilir mi?<\/h2>\n<p><img decoding=\"async\" class=\"alignnone size-medium wp-image-23374\" src=\"https:\/\/drtubayilmaz.com\/wp-content\/uploads\/2026\/06\/genclik-asisi-400x200.png\" alt=\"\" width=\"400\" height=\"200\" srcset=\"https:\/\/drtubayilmaz.com\/wp-content\/uploads\/2026\/06\/genclik-asisi-400x200.png 400w, https:\/\/drtubayilmaz.com\/wp-content\/uploads\/2026\/06\/genclik-asisi-1300x650.png 1300w, https:\/\/drtubayilmaz.com\/wp-content\/uploads\/2026\/06\/genclik-asisi-768x384.png 768w, https:\/\/drtubayilmaz.com\/wp-content\/uploads\/2026\/06\/genclik-asisi-1536x768.png 1536w, https:\/\/drtubayilmaz.com\/wp-content\/uploads\/2026\/06\/genclik-asisi-18x9.png 18w, https:\/\/drtubayilmaz.com\/wp-content\/uploads\/2026\/06\/genclik-asisi.png 1774w\" sizes=\"(max-width: 400px) 100vw, 400px\" \/><\/p>\n<p data-start=\"7662\" data-end=\"7805\">&#8220;Gen\u00e7lik a\u015f\u0131s\u0131&#8221; olarak bilinen uygulamalar da cilt kalitesinin desteklenmesi amac\u0131yla kullan\u0131lan medikal estetik se\u00e7enekleri aras\u0131nda yer al\u0131r.<\/p>\n<p data-start=\"7807\" data-end=\"7905\">Genellikle hyal\u00fcronik asit temelli farkl\u0131 i\u00e7eriklere sahip uygulamalar bu isim alt\u0131nda an\u0131labilir.<\/p>\n<p data-start=\"7907\" data-end=\"7917\">Especially;<\/p>\n<ul data-start=\"7919\" data-end=\"7980\">\n<li data-section-id=\"yg2zhq\" data-start=\"7919\" data-end=\"7930\">Nem kayb\u0131<\/li>\n<li data-section-id=\"78cck0\" data-start=\"7931\" data-end=\"7944\">Mat g\u00f6r\u00fcn\u00fcm<\/li>\n<li data-section-id=\"1ffpspd\" data-start=\"7945\" data-end=\"7960\">\u0130nce \u00e7izgiler<\/li>\n<li data-section-id=\"uxvfpg\" data-start=\"7961\" data-end=\"7980\">Elastikiyet kayb\u0131<\/li>\n<\/ul>\n<p data-start=\"7982\" data-end=\"8053\">gibi \u015fik\u00e2yetlerde ki\u015finin cilt yap\u0131s\u0131na g\u00f6re de\u011ferlendirme yap\u0131labilir.<\/p>\n<p data-start=\"8055\" data-end=\"8276\">Tuba Nadide Y\u0131lmaz&#8217;\u0131n blogunda gen\u00e7lik a\u015f\u0131s\u0131n\u0131 ayr\u0131nt\u0131l\u0131 ele alan mevcut i\u00e7erik bulunmas\u0131 nedeniyle bu b\u00f6l\u00fcmden ilgili yaz\u0131ya i\u00e7 ba\u011flant\u0131 verilmesi SEO a\u00e7\u0131s\u0131ndan da faydal\u0131 olacakt\u0131r.<\/p>\n<h2 data-section-id=\"535vap\" data-start=\"8278\" data-end=\"8333\">G\u00fcne\u015f Lekelerinde Mezoterapi veya PRP Yeterli midir?<\/h2>\n<p data-start=\"8335\" data-end=\"8351\">Her zaman de\u011fil.<\/p>\n<p data-start=\"8353\" data-end=\"8422\">Leke tedavisinin en \u00f6nemli noktas\u0131 \u00f6nce lekenin t\u00fcr\u00fcn\u00fc belirlemektir.<\/p>\n<p data-start=\"8424\" data-end=\"8541\">Melazma, g\u00fcne\u015fe ba\u011fl\u0131 lekeler ve inflamasyon sonras\u0131 hiperpigmentasyon birbirinden farkl\u0131 yakla\u015f\u0131mlar gerektirebilir.<\/p>\n<p data-start=\"8543\" data-end=\"8703\">Bu nedenle yaln\u0131zca cilde parlakl\u0131k veya nem kazand\u0131rmaya y\u00f6nelik bir uygulaman\u0131n b\u00fct\u00fcn pigmentasyon problemlerini ortadan kald\u0131rmas\u0131n\u0131 beklemek do\u011fru de\u011fildir.<\/p>\n<h3 data-section-id=\"p2b5zv\" data-start=\"8705\" data-end=\"8749\">Leke tedavisi ki\u015fiye \u00f6zel planlanmal\u0131d\u0131r<\/h3>\n<p data-start=\"8751\" data-end=\"8775\">De\u011ferlendirme sonucunda;<\/p>\n<ul data-start=\"8777\" data-end=\"8938\">\n<li data-section-id=\"1xs3e93\" data-start=\"8777\" data-end=\"8809\">G\u00fcne\u015f korumas\u0131n\u0131n d\u00fczenlenmesi<\/li>\n<li data-section-id=\"73aeap\" data-start=\"8810\" data-end=\"8829\">Ev bak\u0131m \u00fcr\u00fcnleri<\/li>\n<li data-section-id=\"1egcaoc\" data-start=\"8830\" data-end=\"8855\">Uygun topikal tedaviler<\/li>\n<li data-section-id=\"1lgpqtk\" data-start=\"8856\" data-end=\"8880\">Mezoterapi se\u00e7enekleri<\/li>\n<li data-section-id=\"15ili0t\" data-start=\"8881\" data-end=\"8899\">Chemical peeling<\/li>\n<li data-section-id=\"1rrwfok\" data-start=\"8900\" data-end=\"8938\">Farkl\u0131 profesyonel cilt uygulamalar\u0131<\/li>\n<\/ul>\n<p data-start=\"8940\" data-end=\"8999\">tek ba\u015f\u0131na veya uygun kombinasyonlarla de\u011ferlendirilebilir.<\/p>\n<p data-start=\"9001\" data-end=\"9119\">\u00d6zellikle melazmada agresif ve kontrols\u00fcz uygulamalar\u0131n pigmentasyonu daha da belirginle\u015ftirebilece\u011fi unutulmamal\u0131d\u0131r.<\/p>\n<h2 data-section-id=\"1a6j8sx\" data-start=\"9121\" data-end=\"9185\">Yaz Sonras\u0131 Cilt Yenileme Uygulamalar\u0131na Ne Zaman Ba\u015flanmal\u0131?<\/h2>\n<p data-start=\"9187\" data-end=\"9263\">Takvimde belirli bir tarihin gelmesi tek ba\u015f\u0131na i\u015flem i\u00e7in yeterli de\u011fildir.<\/p>\n<p data-start=\"9265\" data-end=\"9424\">Uygulaman\u0131n t\u00fcr\u00fcne g\u00f6re aktif bronzluk, yak\u0131n zamanda yo\u011fun g\u00fcne\u015f maruziyeti, ciltte irritasyon veya g\u00fcne\u015f yan\u0131\u011f\u0131 bulunmas\u0131 tedavi zamanlamas\u0131n\u0131 etkileyebilir.<\/p>\n<p data-start=\"9426\" data-end=\"9531\">Bu nedenle &#8220;Eyl\u00fcl geldi, art\u0131k b\u00fct\u00fcn i\u015flemler yap\u0131labilir&#8221; \u015feklinde standart bir yakla\u015f\u0131m do\u011fru de\u011fildir.<\/p>\n<p data-start=\"9533\" data-end=\"9620\">Cildin mevcut durumu ve uygulanacak y\u00f6ntemin \u00f6zellikleri birlikte de\u011ferlendirilmelidir.<\/p>\n<h2 data-section-id=\"18ys7oj\" data-start=\"9622\" data-end=\"9662\">Hangi Cilt Yenileme Y\u00f6ntemi Daha \u0130yi?<\/h2>\n<p data-start=\"9664\" data-end=\"9710\">Bu sorunun herkese uyan tek bir cevab\u0131 yoktur.<\/p>\n<p data-start=\"9712\" data-end=\"9834\">Cildinde belirgin nem kayb\u0131 bulunan bir ki\u015finin ihtiyac\u0131 ile yo\u011fun pigmentasyon ya\u015fayan ki\u015finin ihtiyac\u0131 ayn\u0131 olmayabilir.<\/p>\n<h3 data-section-id=\"1clkku5\" data-start=\"9836\" data-end=\"9892\">Tedavi planlamas\u0131nda de\u011ferlendirilebilecek ba\u015fl\u0131klar<\/h3>\n<ul data-start=\"9894\" data-end=\"10118\">\n<li data-section-id=\"1o4my7\" data-start=\"9894\" data-end=\"9899\">Age<\/li>\n<li data-section-id=\"10qnkv2\" data-start=\"9900\" data-end=\"9911\">Cilt tipi<\/li>\n<li data-section-id=\"1ehtpsv\" data-start=\"9912\" data-end=\"9926\">G\u00fcne\u015f hasar\u0131<\/li>\n<li data-section-id=\"10ax0tn\" data-start=\"9927\" data-end=\"9938\">Leke tipi<\/li>\n<li data-section-id=\"yg2zhq\" data-start=\"9939\" data-end=\"9950\">Nem kayb\u0131<\/li>\n<li data-section-id=\"1ffpspd\" data-start=\"9951\" data-end=\"9966\">\u0130nce \u00e7izgiler<\/li>\n<li data-section-id=\"jllckf\" data-start=\"9967\" data-end=\"9986\">Cilt elastikiyeti<\/li>\n<li data-section-id=\"1u3dxx2\" data-start=\"9987\" data-end=\"10012\">Akne ve akne izi \u00f6yk\u00fcs\u00fc<\/li>\n<li data-section-id=\"1t8aygw\" data-start=\"10013\" data-end=\"10044\">Daha \u00f6nce yap\u0131lan uygulamalar<\/li>\n<li data-section-id=\"19xv0t3\" data-start=\"10045\" data-end=\"10065\">Kullan\u0131lan ila\u00e7lar<\/li>\n<li data-section-id=\"ns2j6v\" data-start=\"10066\" data-end=\"10095\">Gebelik veya emzirme durumu<\/li>\n<li data-section-id=\"wclzg1\" data-start=\"10096\" data-end=\"10118\">Ki\u015finin beklentileri<\/li>\n<\/ul>\n<p data-start=\"10120\" data-end=\"10259\">Bu de\u011ferlendirmeden sonra evde bak\u0131m, mezoterapi, PRP veya farkl\u0131 <strong data-start=\"10186\" data-end=\"10216\">cilt yenileme uygulamalar\u0131<\/strong> aras\u0131ndan uygun se\u00e7enekler belirlenebilir.<\/p>\n<h2 data-section-id=\"20sf9a\" data-start=\"10261\" data-end=\"10318\">Sonbahara Girerken Cildiniz \u0130\u00e7in Neler Yapabilirsiniz?<\/h2>\n<p><img decoding=\"async\" class=\"alignnone size-medium wp-image-23424\" src=\"https:\/\/drtubayilmaz.com\/wp-content\/uploads\/2026\/07\/en-guzel-kadin-400x200.png\" alt=\"\" width=\"400\" height=\"200\" srcset=\"https:\/\/drtubayilmaz.com\/wp-content\/uploads\/2026\/07\/en-guzel-kadin-400x200.png 400w, https:\/\/drtubayilmaz.com\/wp-content\/uploads\/2026\/07\/en-guzel-kadin-1300x650.png 1300w, https:\/\/drtubayilmaz.com\/wp-content\/uploads\/2026\/07\/en-guzel-kadin-768x384.png 768w, https:\/\/drtubayilmaz.com\/wp-content\/uploads\/2026\/07\/en-guzel-kadin-1536x768.png 1536w, https:\/\/drtubayilmaz.com\/wp-content\/uploads\/2026\/07\/en-guzel-kadin-18x9.png 18w, https:\/\/drtubayilmaz.com\/wp-content\/uploads\/2026\/07\/en-guzel-kadin.png 1774w\" sizes=\"(max-width: 400px) 100vw, 400px\" \/><\/p>\n<p data-start=\"10320\" data-end=\"10457\">Yaz sonunda karma\u015f\u0131k bir bak\u0131m rutinine ba\u015flamak yerine temel cilt sa\u011fl\u0131\u011f\u0131 al\u0131\u015fkanl\u0131klar\u0131n\u0131 d\u00fczenlemek daha do\u011fru bir ba\u015flang\u0131\u00e7 olabilir.<\/p>\n<p data-start=\"10459\" data-end=\"10555\">Nazik temizleme, cildin ihtiyac\u0131na uygun nemlendirme ve d\u00fczenli g\u00fcne\u015f korumas\u0131 temel ad\u0131mlard\u0131r.<\/p>\n<p data-start=\"10557\" data-end=\"10726\">Ciltte kal\u0131c\u0131 lekelenme, belirgin kuruluk, yeni geli\u015fen renk de\u011fi\u015fiklikleri veya ki\u015fiyi rahats\u0131z eden doku problemleri bulunuyorsa profesyonel de\u011ferlendirme yap\u0131labilir.<\/p>\n<h2 data-section-id=\"ys5epd\" data-start=\"10728\" data-end=\"10783\">Sonu\u00e7: Yaz Sonras\u0131 Cilt Bak\u0131m\u0131 Ki\u015fiye \u00d6zel Olmal\u0131d\u0131r<\/h2>\n<p data-start=\"10785\" data-end=\"10898\"><strong data-start=\"10785\" data-end=\"10812\">Yaz sonras\u0131 cilt bak\u0131m\u0131<\/strong>, yaln\u0131zca cilde parlakl\u0131k kazand\u0131rmay\u0131 ama\u00e7layan tek bir uygulamadan ibaret de\u011fildir.<\/p>\n<p data-start=\"10900\" data-end=\"11122\">Yo\u011fun g\u00fcne\u015f maruziyeti sonras\u0131nda pigmentasyon, mat g\u00f6r\u00fcn\u00fcm, nem kayb\u0131 ve cilt dokusunda de\u011fi\u015fiklikler daha belirgin hale gelebilir. \u00d6ncelikle bu de\u011fi\u015fikliklerin nedeninin ve cildin ger\u00e7ek ihtiyac\u0131n\u0131n belirlenmesi gerekir.<\/p>\n<p data-start=\"11124\" data-end=\"11378\">Mezoterapi, PRP, gen\u00e7lik a\u015f\u0131s\u0131 ve di\u011fer <strong data-start=\"11164\" data-end=\"11194\">cilt yenileme uygulamalar\u0131<\/strong> uygun ki\u015filerde de\u011ferlendirilebilecek se\u00e7enekler aras\u0131ndad\u0131r. G\u00fcne\u015f lekelerinde ise lekenin t\u00fcr\u00fcn\u00fcn belirlenmesi ve g\u00fcne\u015ften korunman\u0131n tedavi plan\u0131n\u0131n temel par\u00e7as\u0131 olmas\u0131 \u00f6nemlidir.<\/p>\n<p data-start=\"11380\" data-end=\"11641\"><a href=\"https:\/\/www.google.com\/search?gs_ssp=eJzj4tVP1zc0LE5PSjc0Nko3YLRSNagwNElOTEwzNE1JM06xSE1OsjKoMEtNSTRIS00xNjVPTTUxSPESSylSKClNSlTIS0zJTElVqDyyMSc3sQoAlfAZSw&amp;q=dr+tuba+nadide+y%C4%B1lmaz&amp;oq=dr+tuba+nad%C5%9F&amp;gs_lcrp=EgZjaHJvbWUqEggBEC4YDRivARjHARiABBiOBTIGCAAQRRg5MhIIARAuGA0YrwEYxwEYgAQYjgUyCggCEAAYBRgNGB4yBwgDEAAY7wUyBwgEEAAY7wUyCggFEAAYogQYiQUyBwgGEAAY7wXSAQg2NzE5ajBqN6gCALACAA&amp;sourceid=chrome&amp;source=chrome.ob&amp;ie=UTF-8\" target=\"_blank\" rel=\"noopener\">As Op. Dr Tuba Nadide Y\u0131lmaz<\/a> Klini\u011fi&#8217;nde yaz sonras\u0131 cilt de\u011fi\u015fiklikleri de\u011ferlendirilerek cilt yap\u0131s\u0131, leke g\u00f6r\u00fcn\u00fcm\u00fc ve ki\u015finin beklentileri do\u011frultusunda mezoterapi, PRP ve di\u011fer medikal estetik uygulamalar aras\u0131ndan ki\u015fiye uygun se\u00e7enekler planlanabilmektedir.<\/p>\n<p data-start=\"11643\" data-end=\"11697\"><strong data-start=\"11643\" data-end=\"11697\">Uygun tedavi planlamas\u0131 i\u00e7in <a href=\"https:\/\/drtubayilmaz.com\/en\/contact\/\">bize ula\u015fabilirsiniz.<\/a><\/strong><\/p>","protected":false},"excerpt":{"rendered":"<p>Yaz Sonras\u0131 Cilt Neden Matla\u015f\u0131r ve Lekelenir? Sonbahara Girerken Cilt Yenileme Se\u00e7enekleri Yaz aylar\u0131n\u0131n sonunda aynaya bakt\u0131\u011f\u0131n\u0131zda cildinizin birka\u00e7 ay<\/p>","protected":false},"author":5,"featured_media":23593,"comment_status":"closed","ping_status":"closed","sticky":false,"template":"","format":"standard","meta":{"footnotes":""},"categories":[287,275],"tags":[],"class_list":["post-23592","post","type-post","status-publish","format-standard","has-post-thumbnail","hentry","category-genital-estetik","category-medikal-estetik"],"_links":{"self":[{"href":"https:\/\/drtubayilmaz.com\/en\/wp-json\/wp\/v2\/posts\/23592","targetHints":{"allow":["GET"]}}],"collection":[{"href":"https:\/\/drtubayilmaz.com\/en\/wp-json\/wp\/v2\/posts"}],"about":[{"href":"https:\/\/drtubayilmaz.com\/en\/wp-json\/wp\/v2\/types\/post"}],"author":[{"embeddable":true,"href":"https:\/\/drtubayilmaz.com\/en\/wp-json\/wp\/v2\/users\/5"}],"replies":[{"embeddable":true,"href":"https:\/\/drtubayilmaz.com\/en\/wp-json\/wp\/v2\/comments?post=23592"}],"version-history":[{"count":2,"href":"https:\/\/drtubayilmaz.com\/en\/wp-json\/wp\/v2\/posts\/23592\/revisions"}],"predecessor-version":[{"id":23595,"href":"https:\/\/drtubayilmaz.com\/en\/wp-json\/wp\/v2\/posts\/23592\/revisions\/23595"}],"wp:featuredmedia":[{"embeddable":true,"href":"https:\/\/drtubayilmaz.com\/en\/wp-json\/wp\/v2\/media\/23593"}],"wp:attachment":[{"href":"https:\/\/drtubayilmaz.com\/en\/wp-json\/wp\/v2\/media?parent=23592"}],"wp:term":[{"taxonomy":"category","embeddable":true,"href":"https:\/\/drtubayilmaz.com\/en\/wp-json\/wp\/v2\/categories?post=23592"},{"taxonomy":"post_tag","embeddable":true,"href":"https:\/\/drtubayilmaz.com\/en\/wp-json\/wp\/v2\/tags?post=23592"}],"curies":[{"name":"wp","href":"https:\/\/api.w.org\/{rel}","templated":true}]}}